{"id":14054,"date":"2025-12-22T14:46:44","date_gmt":"2025-12-22T13:46:44","guid":{"rendered":"https:\/\/vielfaltmenue.com\/?post_type=presse&#038;p=14054"},"modified":"2025-12-22T15:13:15","modified_gmt":"2025-12-22T14:13:15","slug":"vielfaltmenue-schliesst-pyramiden-reihe-ab-winter-ernaehrungspyramide-komplettiert-jahreszyklus","status":"publish","type":"presse","link":"https:\/\/vielfaltmenue.com\/en\/presse\/vielfaltmenue-schliesst-pyramiden-reihe-ab-winter-ernaehrungspyramide-komplettiert-jahreszyklus\/","title":{"rendered":"VielfaltMen\u00fc schlie\u00dft Pyramiden-Reihe ab: Winter- Ern\u00e4hrungspyramide komplettiert Jahreszyklus"},"content":{"rendered":"\n<div class=\"wp-block-group alignfull has-global-padding is-content-justification-center is-layout-constrained wp-container-core-group-is-layout-8abb1929 wp-block-group-is-layout-constrained\" style=\"margin-top:0;margin-bottom:0;padding-top:var(--wp--preset--spacing--x-large);padding-right:var(--wp--preset--spacing--medium);padding-bottom:var(--wp--preset--spacing--x-large);padding-left:var(--wp--preset--spacing--medium)\">\n<p><strong>Mit der Winter-Ern\u00e4hrungspyramide schlie\u00dft VielfaltMen\u00fc den Jahreszyklus saisonaler Ern\u00e4hrung ab. Sie zeigt praxisnah, wie regionale, lagerf\u00e4hige Lebensmittel den Speiseplan im Winter sinnvoll, planbar und alltagstauglich gestalten.<\/strong><\/p>\n\n\n\n<p><strong>Direkter Download<\/strong><br><br><a href=\"https:\/\/vielfaltmenue.com\/wp-content\/uploads\/2025\/12\/VM_Ernaehrungspyramide_Winter_A3-scaled.jpg\"><span class=\"is-button\">Winter-Ern\u00e4hrungspyramide als druckf\u00e4hige Datei (jpg)<\/span><\/a><br><br><span class=\"is-button link\" data-type=\"link\" data-params=\"{&quot;url&quot;:&quot;https:\/\/vielfaltmenue.com\/wp-content\/uploads\/2025\/10\/PM_5_VM_250703_Ernaehrungspyramide_Sommer.pdf&quot;}\"><a href=\"https:\/\/vielfaltmenue.com\/wp-content\/uploads\/2025\/12\/PM_11_VM_251221_Winterpyramide.pdf\" target=\"_blank\" rel=\"noreferrer noopener\">Pressemitteilung als<\/a><\/span><span class=\"is-button link\" data-type=\"link\" data-params=\"{&quot;url&quot;:&quot;https:\/\/vielfaltmenue.com\/wp-content\/uploads\/2025\/12\/PM_11_VM_251221_Winterpyramide.pdf&quot;,&quot;title&quot;:&quot;https:\/\/vielfaltmenue.com\/wp-content\/uploads\/2025\/12\/PM_11_VM_251221_Winterpyramide.pdf&quot;}\"><a href=\"https:\/\/vielfaltmenue.com\/wp-content\/uploads\/2025\/12\/PM_11_VM_251221_Winterpyramide.pdf\" target=\"_blank\" rel=\"noreferrer noopener\"> <\/a><\/span><span class=\"is-button link\" data-type=\"link\" data-params=\"{&quot;url&quot;:&quot;https:\/\/vielfaltmenue.com\/wp-content\/uploads\/2025\/10\/PM_5_VM_250703_Ernaehrungspyramide_Sommer.pdf&quot;}\"><a href=\"https:\/\/vielfaltmenue.com\/wp-content\/uploads\/2025\/12\/PM_11_VM_251221_Winterpyramide.pdf\" target=\"_blank\" rel=\"noreferrer noopener\">PDF<\/a><\/span><\/p>\n\n\n\n<ul class=\"wp-block-list\">\n<li>Vierte und letzte saisonale Ern\u00e4hrungspyramide f\u00fcr den Winter ver\u00f6ffentlicht<\/li>\n\n\n\n<li>Kompletter Jahreszyklus zeigt saisonale Ern\u00e4hrung von Januar bis Dezember<\/li>\n\n\n\n<li>Winterpyramide setzt auf lagerf\u00e4hige Gem\u00fcsesorten und regionales Obst<\/li>\n<\/ul>\n\n\n\n<p><strong>Berlin, 21. Dezember 2025 <\/strong>\u2013 Mit der Winter-Ern\u00e4hrungspyramide schlie\u00dft VielfaltMen\u00fc die Reihe saisonaler Ern\u00e4hrungspyramiden ab. Nach Fr\u00fchling, Sommer und Herbst liegt nun auch die vierte Pyramide vor. Damit steht erstmals ein vollst\u00e4ndiger Jahreszyklus zur Verf\u00fcgung, der zeigt, wie sich regionale, saisonale Ern\u00e4hrung durch alle zw\u00f6lf Monate umsetzen l\u00e4sst.<\/p>\n\n\n\n<h2 class=\"wp-block-heading\" id=\"h-was-die-winterpyramide-zeigt\"><strong><strong><strong>Was die Winterpyramide zeigt<\/strong><\/strong><\/strong><\/h2>\n\n\n\n<p>Die Winterpyramide stellt lagerf\u00e4hige und robuste Lebensmittel in den Mittelpunkt:<br><br>\u2022 vitaminreiche und vielseitige <strong>Kohlsorten<\/strong> wie Gr\u00fcnkohl, Rosenkohl, Rotkohl und Wirsing \u2028<br>\u2022 n\u00e4hrstoffreiche und lange <strong>haltbare Wurzelgem\u00fcse<\/strong> wie Rote Bete, Pastinaken, Steckr\u00fcben, Sellerie und Karotten \u2028<br>\u2022 <strong>Wintergem\u00fcse<\/strong> wie Feldsalat, Lauch und Chicor\u00e9e \u2028<br>\u2022 <strong>regional verf\u00fcgbares, lagerf\u00e4higes Obst<\/strong> wie \u00c4pfel, Birnen und Quitten<br><br>Diese Lebensmittel zeichnen sich durch besondere Lagerf\u00e4higkeit aus. \u00c4pfel und Birnen halten bis zu sechs Monate, Rote Bete bis zu f\u00fcnf, Kohlsorten mehrere Wochen. Das macht sie f\u00fcr die Gemeinschaftsverpflegung besonders praktisch: Sie sind gut planbar, preisstabil und reduzieren Lieferfrequenz und Ausschuss. \u2028<\/p>\n\n\n\n<h2 class=\"wp-block-heading\" id=\"h-wochenplan-fur-die-praxis\"><strong><strong><strong>Wochenplan f\u00fcr die Praxis<\/strong><\/strong><\/strong><\/h2>\n\n\n\n<p>Wie auch die Pyramiden f\u00fcr Fr\u00fchling, Sommer und Herbst wird die Winterpyramide durch einen konkreten Wochenplan erg\u00e4nzt. Von Haferporridge mit Apfel am Montag \u00fcber Linseneintopf mit Wurzelgem\u00fcse, Kartoffel-Wirsing-Gratin und Gr\u00fcnkohlpfanne bis zum Kichererbsen-Curry mit Steckr\u00fcbe am Sonntag \u2013 der Plan zeigt, wie sich saisonale Ern\u00e4hrung im Alltag umsetzen l\u00e4sst.<br><br>Dabei werden alle Ebenen der Pyramide ber\u00fccksichtigt: ausreichend Getr\u00e4nke, f\u00fcnf Portionen Obst und Gem\u00fcse t\u00e4glich, Vollkorngetreide, Milchprodukte, H\u00fclsen- fr\u00fcchte sowie bewusst dosiert Fisch, Fleisch und S\u00fc\u00dfes. So entsteht ein realistisches Bild ausgewogener Winterern\u00e4hrung.<\/p>\n\n\n\n<h2 class=\"wp-block-heading\" id=\"h-vollstandiger-jahreszyklus-fur-kitas-schulen-und-familien\"><strong><strong><strong>Vollst\u00e4ndiger Jahreszyklus f\u00fcr Kitas, Schulen und Familien<\/strong><\/strong><\/strong><\/h2>\n\n\n\n<p>Mit der Winterpyramide ist das Projekt abgeschlossen. Die vier saisonalen Pyramiden bilden zusammen ein Werkzeug, das durch alle Jahreszeiten f\u00fchrt:<br><br><strong>Fr\u00fchling<\/strong>: Spargel, Radieschen, Spinat, Erdbeeren<br><strong>Sommer<\/strong>: Tomaten, Gurken, Zucchini, Beeren, Kirschen<br><strong>Herbst<\/strong>: K\u00fcrbis, Kohl, \u00c4pfel, Birnen, Trauben<br><strong>Winter<\/strong>: Wurzelgem\u00fcse, Kohlsorten, Feldsalat, \u00c4pfel<br><br>Der Jahreszyklus macht sichtbar, wie sich der Speiseplan mit den Jahreszeiten wandelt und welche Lebensmittel wann regional verf\u00fcgbar sind. F\u00fcr Kitas und Schulen ist das ein praktisches Instrument f\u00fcr die Ern\u00e4hrungsbildung. Kinder erleben konkret, dass nicht alles jederzeit verf\u00fcgbar sein muss und dass regionale Lebensmittel je nach Saison variieren.<\/p>\n\n\n\n<ul class=\"wp-block-list\"><\/ul>\n\n\n\n<h2 class=\"wp-block-heading\" id=\"h-ernahrungsbildung-mit-cook-at-school\"><strong><strong><strong>Ern\u00e4hrungsbildung mit <\/strong><\/strong><\/strong><br><strong><strong><strong>cook-at-school<\/strong><\/strong><\/strong><\/h2>\n\n\n\n<p>Die Pyramiden erg\u00e4nzen das Bildungsangebot von VielfaltMen\u00fc. Bei cook-at-school \u2013 dem kochenden Klassenzimmer \u2013 kochen Kinder und Jugendliche selbst, probieren frische Zutaten und erleben, wie aus saisonalen Lebensmitteln leckere Mahlzeiten entstehen. Die vier Pyramiden liefern dazu das theoretische Fundament und zeigen, welche Zutaten gerade Saison haben.<\/p>\n\n\n\n<blockquote class=\"wp-block-quote is-layout-flow wp-block-quote-is-layout-flow\">\n<p><em>Mit dem vollst\u00e4ndigen Jahreszyklus k\u00f6nnen Kinder nun Monat f\u00fcr Monat erleben, wie sich ihr Speiseplan mit den Jahreszeiten wandelt. Das macht Ern\u00e4hrung lebendig und vermittelt ein Gesp\u00fcr f\u00fcr nat\u00fcrliche Kreisl\u00e4ufe<\/em><\/p>\n<cite>Filip Walter, Projektmanager bei VielfaltMen\u00fc<\/cite><\/blockquote>\n\n\n\n<p>F\u00fcr VielfaltMen\u00fc geh\u00f6rt Ern\u00e4hrungsbildung selbstverst\u00e4ndlich zur Gemeinschafts- verpflegung. Die saisonalen Pyramiden machen sichtbar, wie gesunde Ern\u00e4hrung im Jahreslauf gelingt.<\/p>\n\n\n\n<h2 class=\"wp-block-heading has-medium-font-size\" id=\"h-uber-vielfaltmenu-nbsp\"><strong><strong><strong><strong><strong><strong>\u00dcber VielfaltMen\u00fc<\/strong>&nbsp;<\/strong><\/strong><\/strong><\/strong><\/strong><\/h2>\n\n\n\n<p>VielfaltMen\u00fc ist eine der f\u00fchrenden Anbieterinnen hochwertiger und abwechslungsreicher Verpflegungsl\u00f6sungen in Kinderg\u00e4rten, Schulen und sozialen Einrichtungen. Mit einer DGE-zertifizierten Men\u00fclinie, Bio-Zutaten von regionalen Erzeugerinnen und Erzeugern sowie nachhaltigen Konzepten setzt sie neue Ma\u00dfst\u00e4be in der Gemeinschaftsverpflegung. Ihr Anspruch: mehr als gutes Essen \u2013 sie f\u00f6rdert eine ausgewogene Ern\u00e4hrung, st\u00e4rkt die Gesundheit von Kindern, Jugendlichen und Menschen in Pflegeeinrichtungen und unterst\u00fctzt aktiv die Ern\u00e4hrungsbildung. Erg\u00e4nzt durch innovative Ideen steht sie f\u00fcr Qualit\u00e4t, Vielfalt und einen verantwortungsvollen Umgang mit Ressourcen.<br><br>Weitere Informationen unter: vielfaltmenue.com<br><br><strong>Pressekontakt<\/strong><br>Anika Bornschein |&nbsp;<a href=\"mailto:presse@vielfaltmenue.com\">presse@vielfaltmenue.com<\/a><\/p>\n\n\n\n<div style=\"height:var(--wp--preset--spacing--large)\" aria-hidden=\"true\" class=\"wp-block-spacer\"><\/div>\n\n\n\n<h2 class=\"wp-block-heading has-medium-font-size\" id=\"h-fruhlings-ernahrungspyramide-zum-download\"><strong>Fr\u00fchlings-Ern\u00e4hrungspyramide zum Download<\/strong><\/h2>\n\n\n\n<figure class=\"wp-block-image size-large\"><img decoding=\"async\" width=\"1024\" height=\"724\" src=\"https:\/\/vielfaltmenue.com\/wp-content\/uploads\/2025\/12\/VM_Ernaehrungspyramide_Winter_A3-1024x724.jpg\" alt=\"\" class=\"wp-image-14050\" srcset=\"https:\/\/vielfaltmenue.com\/wp-content\/uploads\/2025\/12\/VM_Ernaehrungspyramide_Winter_A3-1024x724.jpg 1024w, https:\/\/vielfaltmenue.com\/wp-content\/uploads\/2025\/12\/VM_Ernaehrungspyramide_Winter_A3-300x212.jpg 300w, https:\/\/vielfaltmenue.com\/wp-content\/uploads\/2025\/12\/VM_Ernaehrungspyramide_Winter_A3-768x543.jpg 768w, https:\/\/vielfaltmenue.com\/wp-content\/uploads\/2025\/12\/VM_Ernaehrungspyramide_Winter_A3-1536x1086.jpg 1536w, https:\/\/vielfaltmenue.com\/wp-content\/uploads\/2025\/12\/VM_Ernaehrungspyramide_Winter_A3-2048x1448.jpg 2048w\" sizes=\"(max-width: 1024px) 100vw, 1024px\" \/><figcaption class=\"wp-element-caption\">Credits: \u00a9 VielfaltMen\u00fc 2025<\/figcaption><\/figure>\n\n\n\n<div class=\"wp-block-buttons is-layout-flex wp-block-buttons-is-layout-flex\">\n<div id=\"greyd-69f424370ad0c\" class=\"wp-block-button has-trigger\"><a class=\"hidden-trigger-link\"  href=\"https:\/\/vielfaltmenue.com\/wp-content\/uploads\/2025\/12\/VM_Ernaehrungspyramide_Winter_A3-scaled.jpg\" target=\"_blank\" title=\"https:\/\/vielfaltmenue.com\/wp-content\/uploads\/2025\/12\/VM_Ernaehrungspyramide_Winter_A3-scaled.jpg\"><\/a><a class=\"wp-block-button__link wp-element-button\" href=\"https:\/\/vielfaltmenue.com\/wp-content\/uploads\/2025\/12\/VM_Ernaehrungspyramide_Winter_A3-scaled.jpg\">Jetzt herunterladen<\/a><\/div>\n<\/div>\n\n\n\n<h2 class=\"wp-block-heading has-medium-font-size\" id=\"h-pressemitteilung-zum-download\"><strong><strong><strong><strong><strong><strong>Pressemitteilung zum Download<\/strong><\/strong><\/strong><\/strong><\/strong><\/strong><\/h2>\n\n\n\n<div class=\"wp-block-buttons is-layout-flex wp-block-buttons-is-layout-flex\">\n<div id=\"greyd-69f424370b9fe\" class=\"wp-block-button has-trigger\"><a class=\"hidden-trigger-link\"  href=\"https:\/\/vielfaltmenue.com\/wp-content\/uploads\/2025\/12\/PM_11_VM_251221_Winterpyramide.pdf\" target=\"_blank\" title=\"https:\/\/vielfaltmenue.com\/wp-content\/uploads\/2025\/12\/PM_11_VM_251221_Winterpyramide.pdf\"><\/a><a class=\"wp-block-button__link wp-element-button\" href=\"https:\/\/vielfaltmenue.com\/wp-content\/uploads\/2025\/12\/PM_11_VM_251221_Winterpyramide.pdf\">Jetzt herunterladen<\/a><\/div>\n<\/div>\n<\/div>\n","protected":false},"featured_media":14067,"parent":0,"menu_order":0,"template":"wp-custom-template-presse","meta":{"greyd_block_editor_preview":[]},"presse_category":[156],"class_list":["post-14054","presse","type-presse","status-publish","has-post-thumbnail","hentry","presse_category-ernaehrungspyramide"],"yoast_head":"<!-- This site is optimized with the Yoast SEO Premium plugin v26.5 (Yoast SEO v27.5) - https:\/\/yoast.com\/product\/yoast-seo-premium-wordpress\/ -->\n<title>Winter-Ern\u00e4hrungspyramide: VielfaltMen\u00fc schlie\u00dft Jahreszyklus ab<\/title>\n<meta name=\"description\" content=\"Mit der Winter-Ern\u00e4hrungspyramide komplettiert VielfaltMen\u00fc den Jahreszyklus saisonaler Ern\u00e4hrung \u2013 inklusive Wochenplan.\" \/>\n<meta name=\"robots\" content=\"index, follow, max-snippet:-1, max-image-preview:large, max-video-preview:-1\" \/>\n<link rel=\"canonical\" href=\"https:\/\/vielfaltmenue.com\/en\/presse\/vielfaltmenue-schliesst-pyramiden-reihe-ab-winter-ernaehrungspyramide-komplettiert-jahreszyklus\/\" \/>\n<meta property=\"og:locale\" content=\"en_US\" \/>\n<meta property=\"og:type\" content=\"article\" \/>\n<meta property=\"og:title\" content=\"VielfaltMen\u00fc schlie\u00dft Pyramiden-Reihe ab: Winter- Ern\u00e4hrungspyramide komplettiert Jahreszyklus\" \/>\n<meta property=\"og:description\" content=\"Mit der Winter-Ern\u00e4hrungspyramide komplettiert VielfaltMen\u00fc den Jahreszyklus saisonaler Ern\u00e4hrung \u2013 inklusive Wochenplan.\" \/>\n<meta property=\"og:url\" content=\"https:\/\/vielfaltmenue.com\/en\/presse\/vielfaltmenue-schliesst-pyramiden-reihe-ab-winter-ernaehrungspyramide-komplettiert-jahreszyklus\/\" \/>\n<meta property=\"og:site_name\" content=\"Vielfaltmenue\" \/>\n<meta property=\"article:modified_time\" content=\"2025-12-22T14:13:15+00:00\" \/>\n<meta property=\"og:image\" content=\"https:\/\/vielfaltmenue.com\/wp-content\/uploads\/2025\/12\/header_2025_11-scaled.jpg\" \/>\n\t<meta property=\"og:image:width\" content=\"2560\" \/>\n\t<meta property=\"og:image:height\" content=\"853\" \/>\n\t<meta property=\"og:image:type\" content=\"image\/jpeg\" \/>\n<meta name=\"twitter:card\" content=\"summary_large_image\" \/>\n<meta name=\"twitter:label1\" content=\"Est. reading time\" \/>\n\t<meta name=\"twitter:data1\" content=\"4 minutes\" \/>\n<!-- \/ Yoast SEO Premium plugin. -->","yoast_head_json":{"title":"Winter-Ern\u00e4hrungspyramide: VielfaltMen\u00fc schlie\u00dft Jahreszyklus ab","description":"Mit der Winter-Ern\u00e4hrungspyramide komplettiert VielfaltMen\u00fc den Jahreszyklus saisonaler Ern\u00e4hrung \u2013 inklusive Wochenplan.","robots":{"index":"index","follow":"follow","max-snippet":"max-snippet:-1","max-image-preview":"max-image-preview:large","max-video-preview":"max-video-preview:-1"},"canonical":"https:\/\/vielfaltmenue.com\/en\/presse\/vielfaltmenue-schliesst-pyramiden-reihe-ab-winter-ernaehrungspyramide-komplettiert-jahreszyklus\/","og_locale":"en_US","og_type":"article","og_title":"VielfaltMen\u00fc schlie\u00dft Pyramiden-Reihe ab: Winter- Ern\u00e4hrungspyramide komplettiert Jahreszyklus","og_description":"Mit der Winter-Ern\u00e4hrungspyramide komplettiert VielfaltMen\u00fc den Jahreszyklus saisonaler Ern\u00e4hrung \u2013 inklusive Wochenplan.","og_url":"https:\/\/vielfaltmenue.com\/en\/presse\/vielfaltmenue-schliesst-pyramiden-reihe-ab-winter-ernaehrungspyramide-komplettiert-jahreszyklus\/","og_site_name":"Vielfaltmenue","article_modified_time":"2025-12-22T14:13:15+00:00","og_image":[{"width":2560,"height":853,"url":"https:\/\/vielfaltmenue.com\/wp-content\/uploads\/2025\/12\/header_2025_11-scaled.jpg","type":"image\/jpeg"}],"twitter_card":"summary_large_image","twitter_misc":{"Est. reading time":"4 minutes"},"schema":{"@context":"https:\/\/schema.org","@graph":[{"@type":"WebPage","@id":"https:\/\/vielfaltmenue.com\/en\/presse\/vielfaltmenue-schliesst-pyramiden-reihe-ab-winter-ernaehrungspyramide-komplettiert-jahreszyklus\/","url":"https:\/\/vielfaltmenue.com\/en\/presse\/vielfaltmenue-schliesst-pyramiden-reihe-ab-winter-ernaehrungspyramide-komplettiert-jahreszyklus\/","name":"Winter-Ern\u00e4hrungspyramide: VielfaltMen\u00fc schlie\u00dft Jahreszyklus ab","isPartOf":{"@id":"https:\/\/vielfaltmenue.com\/en\/#website"},"primaryImageOfPage":{"@id":"https:\/\/vielfaltmenue.com\/en\/presse\/vielfaltmenue-schliesst-pyramiden-reihe-ab-winter-ernaehrungspyramide-komplettiert-jahreszyklus\/#primaryimage"},"image":{"@id":"https:\/\/vielfaltmenue.com\/en\/presse\/vielfaltmenue-schliesst-pyramiden-reihe-ab-winter-ernaehrungspyramide-komplettiert-jahreszyklus\/#primaryimage"},"thumbnailUrl":"https:\/\/vielfaltmenue.com\/wp-content\/uploads\/2025\/12\/header_2025_11-scaled.jpg","datePublished":"2025-12-22T13:46:44+00:00","dateModified":"2025-12-22T14:13:15+00:00","description":"Mit der Winter-Ern\u00e4hrungspyramide komplettiert VielfaltMen\u00fc den Jahreszyklus saisonaler Ern\u00e4hrung \u2013 inklusive Wochenplan.","breadcrumb":{"@id":"https:\/\/vielfaltmenue.com\/en\/presse\/vielfaltmenue-schliesst-pyramiden-reihe-ab-winter-ernaehrungspyramide-komplettiert-jahreszyklus\/#breadcrumb"},"inLanguage":"en-US","potentialAction":[{"@type":"ReadAction","target":["https:\/\/vielfaltmenue.com\/en\/presse\/vielfaltmenue-schliesst-pyramiden-reihe-ab-winter-ernaehrungspyramide-komplettiert-jahreszyklus\/"]}]},{"@type":"ImageObject","inLanguage":"en-US","@id":"https:\/\/vielfaltmenue.com\/en\/presse\/vielfaltmenue-schliesst-pyramiden-reihe-ab-winter-ernaehrungspyramide-komplettiert-jahreszyklus\/#primaryimage","url":"https:\/\/vielfaltmenue.com\/wp-content\/uploads\/2025\/12\/header_2025_11-scaled.jpg","contentUrl":"https:\/\/vielfaltmenue.com\/wp-content\/uploads\/2025\/12\/header_2025_11-scaled.jpg","width":2560,"height":853},{"@type":"BreadcrumbList","@id":"https:\/\/vielfaltmenue.com\/en\/presse\/vielfaltmenue-schliesst-pyramiden-reihe-ab-winter-ernaehrungspyramide-komplettiert-jahreszyklus\/#breadcrumb","itemListElement":[{"@type":"ListItem","position":1,"name":"Home","item":"https:\/\/vielfaltmenue.com\/en\/"},{"@type":"ListItem","position":2,"name":"Presse","item":"https:\/\/vielfaltmenue.com\/en\/presse\/"},{"@type":"ListItem","position":3,"name":"VielfaltMen\u00fc schlie\u00dft Pyramiden-Reihe ab: Winter- Ern\u00e4hrungspyramide komplettiert Jahreszyklus"}]},{"@type":"WebSite","@id":"https:\/\/vielfaltmenue.com\/en\/#website","url":"https:\/\/vielfaltmenue.com\/en\/","name":"Vielfaltmenue","description":"VielfaltMenu \u2013 Das Unternehmen f\u00fcr Catering &amp; Verpflegung, das Vielfalt liefert.","publisher":{"@id":"https:\/\/vielfaltmenue.com\/en\/#organization"},"alternateName":"Catering & Verpflegung","potentialAction":[{"@type":"SearchAction","target":{"@type":"EntryPoint","urlTemplate":"https:\/\/vielfaltmenue.com\/en\/?s={search_term_string}"},"query-input":{"@type":"PropertyValueSpecification","valueRequired":true,"valueName":"search_term_string"}}],"inLanguage":"en-US"},{"@type":"Organization","@id":"https:\/\/vielfaltmenue.com\/en\/#organization","name":"VielfaltMen\u00fc GmbH","alternateName":"VielfaltMen\u00fc","url":"https:\/\/vielfaltmenue.com\/en\/","logo":{"@type":"ImageObject","inLanguage":"en-US","@id":"https:\/\/vielfaltmenue.com\/en\/#\/schema\/logo\/image\/","url":"https:\/\/vielfaltmenue.com\/wp-content\/uploads\/2024\/11\/VM_Logo_hoch_spinat.png","contentUrl":"https:\/\/vielfaltmenue.com\/wp-content\/uploads\/2024\/11\/VM_Logo_hoch_spinat.png","width":1833,"height":768,"caption":"VielfaltMen\u00fc GmbH"},"image":{"@id":"https:\/\/vielfaltmenue.com\/en\/#\/schema\/logo\/image\/"},"sameAs":["https:\/\/www.instagram.com\/vielfalt.menue\/","https:\/\/www.xing.com\/pages\/vielfaltmenue-gmbh","https:\/\/de.linkedin.com\/company\/vielfaltmenue"],"description":"Vielfalt bedeutet f\u00fcr uns, auf unterschiedliche Geschm\u00e4cker und Bed\u00fcrfnisse einzugehen. Mit unserem 360-Grad-Catering schaffen wir flexible L\u00f6sungen, die sich einfach kombinieren lassen. Ob in Schulen, Unternehmen oder der Gastronomie \u2013 gutes Essen verbindet.","email":"servicecenter@vielfaltmenue.com","telephone":"+49 3494 6694400","legalName":"VielfaltMen\u00fc GmbH","vatID":"DE209783710","numberOfEmployees":{"@type":"QuantitativeValue","minValue":"501","maxValue":"1000"}}]}},"_links":{"self":[{"href":"https:\/\/vielfaltmenue.com\/en\/wp-json\/wp\/v2\/presse\/14054","targetHints":{"allow":["GET"]}}],"collection":[{"href":"https:\/\/vielfaltmenue.com\/en\/wp-json\/wp\/v2\/presse"}],"about":[{"href":"https:\/\/vielfaltmenue.com\/en\/wp-json\/wp\/v2\/types\/presse"}],"wp:featuredmedia":[{"embeddable":true,"href":"https:\/\/vielfaltmenue.com\/en\/wp-json\/wp\/v2\/media\/14067"}],"wp:attachment":[{"href":"https:\/\/vielfaltmenue.com\/en\/wp-json\/wp\/v2\/media?parent=14054"}],"wp:term":[{"taxonomy":"presse_category","embeddable":true,"href":"https:\/\/vielfaltmenue.com\/en\/wp-json\/wp\/v2\/presse_category?post=14054"}],"curies":[{"name":"wp","href":"https:\/\/api.w.org\/{rel}","templated":true}]}}