{"id":11798,"date":"2025-10-02T15:12:18","date_gmt":"2025-10-02T13:12:18","guid":{"rendered":"https:\/\/vielfaltmenue.com\/?post_type=presse&#038;p=11798"},"modified":"2025-11-18T14:32:21","modified_gmt":"2025-11-18T13:32:21","slug":"tarifeinigung-erzielt-deutliche-gehaltssteigerungen-bei-vielfaltmenue","status":"publish","type":"presse","link":"https:\/\/vielfaltmenue.com\/en\/presse\/tarifeinigung-erzielt-deutliche-gehaltssteigerungen-bei-vielfaltmenue\/","title":{"rendered":"Tarifeinigung erzielt: Deutliche Gehaltssteigerungen bei VielfaltMen\u00fc"},"content":{"rendered":"\n<div class=\"wp-block-group alignfull has-global-padding is-content-justification-center is-layout-constrained wp-container-core-group-is-layout-8abb1929 wp-block-group-is-layout-constrained\" style=\"margin-top:0;margin-bottom:0;padding-top:var(--wp--preset--spacing--x-large);padding-right:var(--wp--preset--spacing--medium);padding-bottom:var(--wp--preset--spacing--x-large);padding-left:var(--wp--preset--spacing--medium)\">\n<p><strong>Die neue Tarifeinigung bringt sp\u00fcrbare Gehaltssteigerungen f\u00fcr Mitarbeitende \u2013 ein starkes Signal f\u00fcr Wertsch\u00e4tzung und soziale Verantwortung.<\/strong><\/p>\n\n\n\n<p><strong>Direkter Download<\/strong>: <span class=\"is-button link\" data-type=\"link\" data-params=\"{&quot;url&quot;:&quot;https:\/\/vielfaltmenue.com\/wp-content\/uploads\/2025\/10\/PM_7_VM_250814_Liebling_Sachsen.pdf&quot;}\"><a href=\"https:\/\/vielfaltmenue.com\/wp-content\/uploads\/2025\/10\/PM_8_VM_251002_Tarifeinigung.pdf\">P<\/a><\/span><span class=\"is-button link\" data-type=\"link\" data-params=\"{&quot;url&quot;:&quot;https:\/\/vielfaltmenue.com\/wp-content\/uploads\/2025\/09\/20250915_PM_VielfaltMenue_Lieblingsessen_Sachsen.pdf&quot;,&quot;id&quot;:&quot;https:\/\/vielfaltmenue.com\/wp-content\/uploads\/2025\/09\/20250915_PM_VielfaltMenue_Lieblingsessen_Sachsen.pdf&quot;,&quot;title&quot;:&quot;https:\/\/vielfaltmenue.com\/wp-content\/uploads\/2025\/09\/20250915_PM_VielfaltMenue_Lieblingsessen_Sachsen.pdf&quot;,&quot;type&quot;:&quot;link&quot;,&quot;opensInNewTab&quot;:true}\"><a href=\"https:\/\/vielfaltmenue.com\/wp-content\/uploads\/2025\/10\/PM_8_VM_251002_Tarifeinigung.pdf\">ressemittei<\/a><\/span><span class=\"is-button link\"><a href=\"https:\/\/vielfaltmenue.com\/wp-content\/uploads\/2025\/10\/PM_8_VM_251002_Tarifeinigung.pdf\">lung als P<\/a><\/span><span class=\"is-button link\" data-type=\"link\" data-params=\"{&quot;url&quot;:&quot;https:\/\/vielfaltmenue.com\/wp-content\/uploads\/2025\/09\/20250915_PM_VielfaltMenue_Lieblingsessen_Sachsen.pdf&quot;,&quot;id&quot;:&quot;https:\/\/vielfaltmenue.com\/wp-content\/uploads\/2025\/09\/20250915_PM_VielfaltMenue_Lieblingsessen_Sachsen.pdf&quot;,&quot;title&quot;:&quot;https:\/\/vielfaltmenue.com\/wp-content\/uploads\/2025\/09\/20250915_PM_VielfaltMenue_Lieblingsessen_Sachsen.pdf&quot;,&quot;type&quot;:&quot;link&quot;,&quot;opensInNewTab&quot;:true}\"><a href=\"https:\/\/vielfaltmenue.com\/wp-content\/uploads\/2025\/10\/PM_8_VM_251002_Tarifeinigung.pdf\">D<\/a><\/span><span class=\"is-button link\"><a href=\"https:\/\/vielfaltmenue.com\/wp-content\/uploads\/2025\/10\/PM_8_VM_251002_Tarifeinigung.pdf\">F<\/a><\/span><\/p>\n\n\n\n<ul class=\"wp-block-list\">\n<li>VielfaltMen\u00fc und Gewerkschaft NGG vereinbaren Gehaltssteigerungen <br>von bis zu 14,6 Prozent<\/li>\n<\/ul>\n\n\n\n<p><strong>Berlin, 02. Oktober 2025 <\/strong>\u2013 VielfaltMen\u00fc und die Gewerkschaft Nahrung- Genuss-<br>Gastst\u00e4tten (NGG) haben sich auf einen neuen Entgelttarifvertrag geeinigt. Die<br>Vereinbarung umfasst unter anderem Gehaltssteigerungen von bis zu 14,6 Prozent<br>sowie eine Zusage zur Sicherung von Arbeitspl\u00e4tzen. Der Vertrag l\u00e4uft bis min-<br>destens zum 30. September 2027.<br>VielfaltMen\u00fc ist bundesweit das einzige ma\u00dfgeblich auf den Bildungssektor<br>spezialisierte Unternehmen mit tariflicher Absicherung. Mit rund 1.000 Be-<br>sch\u00e4ftigten werden t\u00e4glich \u00fcber 100.000 Kinder und Jugendliche in Kinderg\u00e4rten,<br>Kitas und Schulen mit gesundem, regionalem und abwechslungsreichem Essen<br>versorgt.<br><br>\u00dcber die bestehenden, branchenweit herausragenden tarifvertraglichen sozialen<br>Leistungen, wie beispielsweise einheitliche Zuschl\u00e4ge f\u00fcr Mehrarbeit, Nachtarbeit,<br>Sonn- und Feiertagsarbeit, 10 Tage tariflicher Mehrurlaub (30 Tage Urlaub bei einer<br>5-Tage-Woche), bezahlte Freistellung bei besonderen Anl\u00e4ssen, Beihilfe im Sterbe-<br>fall sowie Urlaubs- und Weihnachtsgeld hinaus, sieht der neue Anschluss-Entgelt-<br>Tarifvertrag in 2025 und 2026 auch die Zahlung einer Einmalzahlung in H\u00f6he von<br>jeweils 156 Euro netto vor.<br><br>\u201eDie Gespr\u00e4che verliefen intensiv, respektvoll und konstruktiv&#8221;, erkl\u00e4rt Gesch\u00e4fts-<br>f\u00fchrer Markus Grube.<br><br>\u201eAls VielfaltMen\u00fc GmbH \u00fcbernehmen wir Verantwortung und tragen zum Wohl-<br>ergehen aller bei: unserer Mitarbeitenden, der versorgten Bildungseinrichtungen<br>und ganz besonders von Eltern und Kindern. Unser Tarifvertrag und die Einigung<br>mit der NGG zeigen zudem: Faire Arbeitsbedingungen, wirtschaftliche Stabilit\u00e4t,<br>verl\u00e4ssliche Perspektiven und Arbeitsplatzsicherung passen gut zusammen. Das<br>ist ein starkes Ergebnis und wichtiges Signal!\u201c.<br><br>Die Einigung von VielfaltMen\u00fc und der NGG ist ein gemeinsames Signal f\u00fcr<br>Stabilit\u00e4t und Vertrauen und zeigt: konstruktive Sozialpartnerschaft wirkt &#8211; f\u00fcr<br>Besch\u00e4ftigte, Unternehmen und Gesellschaft.<\/p>\n\n\n\n<h2 class=\"wp-block-heading has-medium-font-size\" id=\"h-uber-vielfaltmenu-nbsp\"><strong><strong><strong><strong><strong><strong>\u00dcber VielfaltMen\u00fc<\/strong>&nbsp;<\/strong><\/strong><\/strong><\/strong><\/strong><\/h2>\n\n\n\n<p>VielfaltMen\u00fc ist eine der f\u00fchrenden Anbieterinnen hochwertiger und abwechslungsreicher Verpflegungsl\u00f6sungen in Kinderg\u00e4rten, Schulen und sozialen Einrichtungen. Mit einer DGE-zertifizierten Men\u00fclinie, Bio-Zutaten von regionalen Erzeugerinnen und Erzeugern sowie nachhaltigen Konzepten setzt sie neue Ma\u00dfst\u00e4be in der Gemeinschaftsverpflegung. Ihr Anspruch: mehr als gutes Essen \u2013 sie f\u00f6rdert eine ausgewogene Ern\u00e4hrung, st\u00e4rkt die Gesundheit von Kindern, Jugendlichen und Menschen in Pflegeeinrichtungen und unterst\u00fctzt aktiv die Ern\u00e4hrungsbildung. Erg\u00e4nzt durch innovative Ideen steht sie f\u00fcr Qualit\u00e4t, Vielfalt und einen verantwortungsvollen Umgang mit Ressourcen.<br><br>Weitere Informationen unter: vielfaltmenue.com<br><br><strong>Pressekontakt<\/strong><br>Anika Bornschein |&nbsp;<a href=\"mailto:presse@vielfaltmenue.com\">presse@vielfaltmenue.com<\/a><\/p>\n\n\n\n<h2 class=\"wp-block-heading has-medium-font-size\" id=\"h-pressemitteilung-zum-download\"><strong><strong><strong><strong><strong><strong>Pressemitteilung zum Download<\/strong><\/strong><\/strong><\/strong><\/strong><\/strong><\/h2>\n\n\n\n<div class=\"wp-block-buttons is-layout-flex wp-block-buttons-is-layout-flex\">\n<div id=\"greyd-69f42437b70e5\" class=\"wp-block-button has-trigger\"><a class=\"hidden-trigger-link\"  href=\"https:\/\/vielfaltmenue.com\/wp-content\/uploads\/2025\/10\/PM_8_VM_251002_Tarifeinigung.pdf\" target=\"_blank\" title=\"https:\/\/vielfaltmenue.com\/wp-content\/uploads\/2025\/09\/20250915_PM_VielfaltMenue_Lieblingsessen_Sachsen.pdf\"><\/a><a class=\"wp-block-button__link wp-element-button\">Jetzt herunterladen<\/a><\/div>\n<\/div>\n<\/div>\n","protected":false},"featured_media":11755,"parent":0,"menu_order":0,"template":"wp-custom-template-presse","meta":{"greyd_block_editor_preview":[]},"presse_category":[],"class_list":["post-11798","presse","type-presse","status-publish","has-post-thumbnail","hentry"],"yoast_head":"<!-- This site is optimized with the Yoast SEO Premium plugin v26.5 (Yoast SEO v27.5) - https:\/\/yoast.com\/product\/yoast-seo-premium-wordpress\/ -->\n<title>Tarifeinigung bei VielfaltMen\u00fc \u2013 Deutliche Gehaltssteigerungen<\/title>\n<meta name=\"description\" content=\"VielfaltMen\u00fc und Gewerkschaft einigen sich auf eine Tariferh\u00f6hung: mehr Lohn, mehr Wertsch\u00e4tzung f\u00fcr die Besch\u00e4ftigten.\" \/>\n<meta name=\"robots\" content=\"index, follow, max-snippet:-1, max-image-preview:large, max-video-preview:-1\" \/>\n<link rel=\"canonical\" href=\"https:\/\/vielfaltmenue.com\/en\/presse\/tarifeinigung-erzielt-deutliche-gehaltssteigerungen-bei-vielfaltmenue\/\" \/>\n<meta property=\"og:locale\" content=\"en_US\" \/>\n<meta property=\"og:type\" content=\"article\" \/>\n<meta property=\"og:title\" content=\"Tarifeinigung erzielt: Deutliche Gehaltssteigerungen bei VielfaltMen\u00fc\" \/>\n<meta property=\"og:description\" content=\"VielfaltMen\u00fc und Gewerkschaft einigen sich auf eine Tariferh\u00f6hung: mehr Lohn, mehr Wertsch\u00e4tzung f\u00fcr die Besch\u00e4ftigten.\" \/>\n<meta property=\"og:url\" content=\"https:\/\/vielfaltmenue.com\/en\/presse\/tarifeinigung-erzielt-deutliche-gehaltssteigerungen-bei-vielfaltmenue\/\" \/>\n<meta property=\"og:site_name\" content=\"Vielfaltmenue\" \/>\n<meta property=\"article:modified_time\" content=\"2025-11-18T13:32:21+00:00\" \/>\n<meta property=\"og:image\" content=\"https:\/\/vielfaltmenue.com\/wp-content\/uploads\/2025\/10\/header_2025_9-scaled.jpg\" \/>\n\t<meta property=\"og:image:width\" content=\"2560\" \/>\n\t<meta property=\"og:image:height\" content=\"853\" \/>\n\t<meta property=\"og:image:type\" content=\"image\/jpeg\" \/>\n<meta name=\"twitter:card\" content=\"summary_large_image\" \/>\n<meta name=\"twitter:label1\" content=\"Est. reading time\" \/>\n\t<meta name=\"twitter:data1\" content=\"3 minutes\" \/>\n<!-- \/ Yoast SEO Premium plugin. -->","yoast_head_json":{"title":"Tarifeinigung bei VielfaltMen\u00fc \u2013 Deutliche Gehaltssteigerungen","description":"VielfaltMen\u00fc und Gewerkschaft einigen sich auf eine Tariferh\u00f6hung: mehr Lohn, mehr Wertsch\u00e4tzung f\u00fcr die Besch\u00e4ftigten.","robots":{"index":"index","follow":"follow","max-snippet":"max-snippet:-1","max-image-preview":"max-image-preview:large","max-video-preview":"max-video-preview:-1"},"canonical":"https:\/\/vielfaltmenue.com\/en\/presse\/tarifeinigung-erzielt-deutliche-gehaltssteigerungen-bei-vielfaltmenue\/","og_locale":"en_US","og_type":"article","og_title":"Tarifeinigung erzielt: Deutliche Gehaltssteigerungen bei VielfaltMen\u00fc","og_description":"VielfaltMen\u00fc und Gewerkschaft einigen sich auf eine Tariferh\u00f6hung: mehr Lohn, mehr Wertsch\u00e4tzung f\u00fcr die Besch\u00e4ftigten.","og_url":"https:\/\/vielfaltmenue.com\/en\/presse\/tarifeinigung-erzielt-deutliche-gehaltssteigerungen-bei-vielfaltmenue\/","og_site_name":"Vielfaltmenue","article_modified_time":"2025-11-18T13:32:21+00:00","og_image":[{"width":2560,"height":853,"url":"https:\/\/vielfaltmenue.com\/wp-content\/uploads\/2025\/10\/header_2025_9-scaled.jpg","type":"image\/jpeg"}],"twitter_card":"summary_large_image","twitter_misc":{"Est. reading time":"3 minutes"},"schema":{"@context":"https:\/\/schema.org","@graph":[{"@type":"WebPage","@id":"https:\/\/vielfaltmenue.com\/en\/presse\/tarifeinigung-erzielt-deutliche-gehaltssteigerungen-bei-vielfaltmenue\/","url":"https:\/\/vielfaltmenue.com\/en\/presse\/tarifeinigung-erzielt-deutliche-gehaltssteigerungen-bei-vielfaltmenue\/","name":"Tarifeinigung bei VielfaltMen\u00fc \u2013 Deutliche Gehaltssteigerungen","isPartOf":{"@id":"https:\/\/vielfaltmenue.com\/en\/#website"},"primaryImageOfPage":{"@id":"https:\/\/vielfaltmenue.com\/en\/presse\/tarifeinigung-erzielt-deutliche-gehaltssteigerungen-bei-vielfaltmenue\/#primaryimage"},"image":{"@id":"https:\/\/vielfaltmenue.com\/en\/presse\/tarifeinigung-erzielt-deutliche-gehaltssteigerungen-bei-vielfaltmenue\/#primaryimage"},"thumbnailUrl":"https:\/\/vielfaltmenue.com\/wp-content\/uploads\/2025\/10\/header_2025_9-scaled.jpg","datePublished":"2025-10-02T13:12:18+00:00","dateModified":"2025-11-18T13:32:21+00:00","description":"VielfaltMen\u00fc und Gewerkschaft einigen sich auf eine Tariferh\u00f6hung: mehr Lohn, mehr Wertsch\u00e4tzung f\u00fcr die Besch\u00e4ftigten.","breadcrumb":{"@id":"https:\/\/vielfaltmenue.com\/en\/presse\/tarifeinigung-erzielt-deutliche-gehaltssteigerungen-bei-vielfaltmenue\/#breadcrumb"},"inLanguage":"en-US","potentialAction":[{"@type":"ReadAction","target":["https:\/\/vielfaltmenue.com\/en\/presse\/tarifeinigung-erzielt-deutliche-gehaltssteigerungen-bei-vielfaltmenue\/"]}]},{"@type":"ImageObject","inLanguage":"en-US","@id":"https:\/\/vielfaltmenue.com\/en\/presse\/tarifeinigung-erzielt-deutliche-gehaltssteigerungen-bei-vielfaltmenue\/#primaryimage","url":"https:\/\/vielfaltmenue.com\/wp-content\/uploads\/2025\/10\/header_2025_9-scaled.jpg","contentUrl":"https:\/\/vielfaltmenue.com\/wp-content\/uploads\/2025\/10\/header_2025_9-scaled.jpg","width":2560,"height":853},{"@type":"BreadcrumbList","@id":"https:\/\/vielfaltmenue.com\/en\/presse\/tarifeinigung-erzielt-deutliche-gehaltssteigerungen-bei-vielfaltmenue\/#breadcrumb","itemListElement":[{"@type":"ListItem","position":1,"name":"Home","item":"https:\/\/vielfaltmenue.com\/en\/"},{"@type":"ListItem","position":2,"name":"Presse","item":"https:\/\/vielfaltmenue.com\/en\/presse\/"},{"@type":"ListItem","position":3,"name":"Tarifeinigung erzielt: Deutliche Gehaltssteigerungen bei VielfaltMen\u00fc"}]},{"@type":"WebSite","@id":"https:\/\/vielfaltmenue.com\/en\/#website","url":"https:\/\/vielfaltmenue.com\/en\/","name":"Vielfaltmenue","description":"VielfaltMenu \u2013 Das Unternehmen f\u00fcr Catering &amp; Verpflegung, das Vielfalt liefert.","publisher":{"@id":"https:\/\/vielfaltmenue.com\/en\/#organization"},"alternateName":"Catering & Verpflegung","potentialAction":[{"@type":"SearchAction","target":{"@type":"EntryPoint","urlTemplate":"https:\/\/vielfaltmenue.com\/en\/?s={search_term_string}"},"query-input":{"@type":"PropertyValueSpecification","valueRequired":true,"valueName":"search_term_string"}}],"inLanguage":"en-US"},{"@type":"Organization","@id":"https:\/\/vielfaltmenue.com\/en\/#organization","name":"VielfaltMen\u00fc GmbH","alternateName":"VielfaltMen\u00fc","url":"https:\/\/vielfaltmenue.com\/en\/","logo":{"@type":"ImageObject","inLanguage":"en-US","@id":"https:\/\/vielfaltmenue.com\/en\/#\/schema\/logo\/image\/","url":"https:\/\/vielfaltmenue.com\/wp-content\/uploads\/2024\/11\/VM_Logo_hoch_spinat.png","contentUrl":"https:\/\/vielfaltmenue.com\/wp-content\/uploads\/2024\/11\/VM_Logo_hoch_spinat.png","width":1833,"height":768,"caption":"VielfaltMen\u00fc GmbH"},"image":{"@id":"https:\/\/vielfaltmenue.com\/en\/#\/schema\/logo\/image\/"},"sameAs":["https:\/\/www.instagram.com\/vielfalt.menue\/","https:\/\/www.xing.com\/pages\/vielfaltmenue-gmbh","https:\/\/de.linkedin.com\/company\/vielfaltmenue"],"description":"Vielfalt bedeutet f\u00fcr uns, auf unterschiedliche Geschm\u00e4cker und Bed\u00fcrfnisse einzugehen. Mit unserem 360-Grad-Catering schaffen wir flexible L\u00f6sungen, die sich einfach kombinieren lassen. Ob in Schulen, Unternehmen oder der Gastronomie \u2013 gutes Essen verbindet.","email":"servicecenter@vielfaltmenue.com","telephone":"+49 3494 6694400","legalName":"VielfaltMen\u00fc GmbH","vatID":"DE209783710","numberOfEmployees":{"@type":"QuantitativeValue","minValue":"501","maxValue":"1000"}}]}},"_links":{"self":[{"href":"https:\/\/vielfaltmenue.com\/en\/wp-json\/wp\/v2\/presse\/11798","targetHints":{"allow":["GET"]}}],"collection":[{"href":"https:\/\/vielfaltmenue.com\/en\/wp-json\/wp\/v2\/presse"}],"about":[{"href":"https:\/\/vielfaltmenue.com\/en\/wp-json\/wp\/v2\/types\/presse"}],"wp:featuredmedia":[{"embeddable":true,"href":"https:\/\/vielfaltmenue.com\/en\/wp-json\/wp\/v2\/media\/11755"}],"wp:attachment":[{"href":"https:\/\/vielfaltmenue.com\/en\/wp-json\/wp\/v2\/media?parent=11798"}],"wp:term":[{"taxonomy":"presse_category","embeddable":true,"href":"https:\/\/vielfaltmenue.com\/en\/wp-json\/wp\/v2\/presse_category?post=11798"}],"curies":[{"name":"wp","href":"https:\/\/api.w.org\/{rel}","templated":true}]}}